[{"@context":"https:\/\/schema.org\/","@type":"Article","@id":"https:\/\/www.soremus.cz\/proc-jsme-tak-dlouho-nebyli-na-mesici\/#Article","mainEntityOfPage":"https:\/\/www.soremus.cz\/proc-jsme-tak-dlouho-nebyli-na-mesici\/","headline":"Pro\u010d jsme tak dlouho nebyli na M\u011bs\u00edci","name":"Pro\u010d jsme tak dlouho nebyli na M\u011bs\u00edci","description":"M\u011bs\u00edc je bezesporu jednou z\u00a0nejv\u011bt\u0161\u00edch dominant no\u010dn\u00edho nebe. Nen\u00ed tedy divu, \u017ee na\u0161e p\u0159edky fascinoval ji\u017e od prad\u00e1vna. I starov\u011bk\u00e9 n\u00e1rody se tak nau\u010dily mnoho [&hellip;]","datePublished":"2022-12-24","dateModified":"2022-12-24","author":{"@type":"Person","@id":"https:\/\/www.soremus.cz\/author\/#Person","name":"","url":"https:\/\/www.soremus.cz\/author\/","identifier":1,"image":{"@type":"ImageObject","@id":"https:\/\/secure.gravatar.com\/avatar\/edf965aa5e6319b22667bed24bb070a38fc0326fd1c728db50dc1d860a4a16ad?s=96&d=mm&r=g","url":"https:\/\/secure.gravatar.com\/avatar\/edf965aa5e6319b22667bed24bb070a38fc0326fd1c728db50dc1d860a4a16ad?s=96&d=mm&r=g","height":96,"width":96}},"publisher":{"@type":"Organization","name":"soremus.cz","logo":{"@type":"ImageObject","@id":"\/logo.png","url":"\/logo.png","width":600,"height":60}},"image":{"@type":"ImageObject","@id":"https:\/\/www.soremus.cz\/wp-content\/uploads\/mesic5.jpg","url":"https:\/\/www.soremus.cz\/wp-content\/uploads\/mesic5.jpg","height":0,"width":0},"url":"https:\/\/www.soremus.cz\/proc-jsme-tak-dlouho-nebyli-na-mesici\/","about":["V\u011bda"],"wordCount":414,"articleBody":"M\u011bs\u00edc je bezesporu jednou z\u00a0nejv\u011bt\u0161\u00edch dominant no\u010dn\u00edho nebe. Nen\u00ed tedy divu, \u017ee na\u0161e p\u0159edky fascinoval ji\u017e od prad\u00e1vna. I starov\u011bk\u00e9 n\u00e1rody se tak nau\u010dily mnoho o jeho pohybu, dokonce dovedli p\u0159edv\u00eddat zatm\u011bn\u00ed.\u00a0V\u00a0dne\u0161n\u00ed dob\u011b toho samoz\u0159ejm\u011b v\u00edme daleko v\u00edce. Dokonce jsme se na n\u011bj n\u011bkolikr\u00e1t vypravili, konkr\u00e9tn\u011b v\u00a0mis\u00edch Apollo 11-17 v\u00a0\u0161edes\u00e1t\u00fdch a sedmdes\u00e1t\u00fdch letech. V\u0161echny na n\u011bm p\u0159ist\u00e1ly, s\u00a0v\u00fdjimkou Apolla 13. Od t\u00e9 doby je v\u0161ak v\u00a0tomto ohledu klid \u2013 po cel\u00e1 desetilet\u00ed na M\u011bs\u00edci nespo\u010dinula noha \u010dlov\u011bka.\u00a0\u00a0To se m\u016f\u017ee lidem st\u00e1t divn\u00e9 \u2013 skute\u010dn\u011b na\u0161e ob\u011b\u017enice nestoj\u00ed za zkoum\u00e1n\u00ed? Pravda je v\u0161ak trochu jinde. Ve skute\u010dnosti jsou zde jin\u00e9, mnohem prozai\u010dt\u011bj\u0161\u00ed d\u016fvody, pro\u010d jsme tam tak dlouho nelet\u011bli. A t\u00edm hlavn\u00edm jsou, jak si lze snadno domyslet, finance.\u00a0Lze si p\u0159edstavit, \u017ee cesta na M\u011bs\u00edc je finan\u010dn\u011b velmi n\u00e1ro\u010dn\u00fd projekt. Av\u0161ak po posledn\u00edm letu programu Apollo byl rozpo\u010det NASA zna\u010dn\u011b se\u0161krt\u00e1n. Vesm\u00edrn\u00fd z\u00e1vod nad Ruskem by vyhr\u00e1n, kilogramy vzork\u016f prachu i kamen\u016f dopraveny na zem a p\u0159ed\u00e1ny v\u011bdc\u016fm ke zkoum\u00e1n\u00ed. Nen\u00ed tedy d\u016fvod, pro\u010d by bylo nutn\u00e9 se tam vracet, a pen\u00edze, kter\u00e9 tato organizace dostala, tomu odpov\u00eddaly.\u00a0\u00a0To samoz\u0159ejm\u011b plat\u00ed i v\u00a0dne\u0161n\u00ed dob\u011b. Nav\u00edc je zde i probl\u00e9m zastaral\u00e9 technologie. Ta, kter\u00e1 n\u00e1s tam dopravila v\u00a060. letech, n\u00e1s tam nem\u016f\u017ee dopravit dnes. Ne proto, \u017ee by snad byla zni\u010dena, n\u00fdbr\u017e proto, \u017ee je ji\u017e nekompatibiln\u00ed s\u00a0dne\u0161n\u00edmi po\u010d\u00edta\u010di a syst\u00e9my. Zjednodu\u0161en\u011b \u0159e\u010deno, bylo by to jako sna\u017eit se zprovoznit program ur\u010den\u00fd pro MS DOS na iPhonu \u2013 je mnohem jednodu\u0161\u0161\u00ed zkr\u00e1tka vymyslet nov\u00fd, kter\u00fd bude m\u00edt stejn\u00e9 v\u00fdsledky.\u00a0V\u00a0sou\u010dasn\u00e9 dob\u011b se v\u0161ak z\u00e1jem o M\u011bs\u00edc op\u011bt zvy\u0161uje, a pl\u00e1nuje se prvn\u00ed lidsk\u00e1 expedice po mnoha letech, tentokr\u00e1t v\u00a0r\u00e1mci projektu Artemis. Je tedy vid\u011bt, \u017ee jsme na na\u0161eho souputn\u00edka nezapomn\u011bli, jen z\u00e1jmy vl\u00e1d a koneckonc\u016f i v\u011bt\u0161iny lid\u00ed le\u017eely jinde.                                                                                                                                                                                                                                                                                                                                                                                        4.1\/5 - (7 votes)        "},{"@context":"https:\/\/schema.org\/","@type":"BreadcrumbList","itemListElement":[{"@type":"ListItem","position":1,"name":"Pro\u010d jsme tak dlouho nebyli na M\u011bs\u00edci","item":"https:\/\/www.soremus.cz\/proc-jsme-tak-dlouho-nebyli-na-mesici\/#breadcrumbitem"}]}]