[{"@context":"https:\/\/schema.org\/","@type":"Article","@id":"https:\/\/www.soremus.cz\/moje-domacnost\/#Article","mainEntityOfPage":"https:\/\/www.soremus.cz\/moje-domacnost\/","headline":"Moje dom\u00e1cnost","name":"Moje dom\u00e1cnost","description":"J\u00e1 si mysl\u00edm, \u017ee opravdu ka\u017ed\u00fd \u010dlov\u011bk by si p\u0159\u00e1l to, aby jeho dom\u00e1cnost a aby celkov\u011b jeho domov byl v\u017edycky \u010dist\u00fd a tak\u00e9 hodn\u011b [&hellip;]","datePublished":"2023-05-01","dateModified":"2023-05-01","author":{"@type":"Person","@id":"https:\/\/www.soremus.cz\/author\/#Person","name":"","url":"https:\/\/www.soremus.cz\/author\/","identifier":1,"image":{"@type":"ImageObject","@id":"https:\/\/secure.gravatar.com\/avatar\/edf965aa5e6319b22667bed24bb070a38fc0326fd1c728db50dc1d860a4a16ad?s=96&d=mm&r=g","url":"https:\/\/secure.gravatar.com\/avatar\/edf965aa5e6319b22667bed24bb070a38fc0326fd1c728db50dc1d860a4a16ad?s=96&d=mm&r=g","height":96,"width":96}},"publisher":{"@type":"Organization","name":"soremus.cz","logo":{"@type":"ImageObject","@id":"\/logo.png","url":"\/logo.png","width":600,"height":60}},"image":{"@type":"ImageObject","@id":"https:\/\/www.soremus.cz\/wp-content\/uploads\/interior-2685521_960_720%20(1).jpg","url":"https:\/\/www.soremus.cz\/wp-content\/uploads\/interior-2685521_960_720%20(1).jpg","height":0,"width":0},"url":"https:\/\/www.soremus.cz\/moje-domacnost\/","about":["Dom\u00e1cnost"],"wordCount":417,"articleBody":"J\u00e1 si mysl\u00edm, \u017ee opravdu ka\u017ed\u00fd \u010dlov\u011bk by si p\u0159\u00e1l to, aby jeho dom\u00e1cnost a aby celkov\u011b jeho domov byl v\u017edycky \u010dist\u00fd a tak\u00e9 hodn\u011b \u00fatuln\u00fd. Podle m\u00e9ho n\u00e1zoru ka\u017ed\u00e1 \u017eena v\u017edycky chce, aby jej\u00ed vizitkou byla opravdu kr\u00e1sn\u00e1\u00a0\u010dist\u00e1 dom\u00e1cnost. Nev\u00edm jak vy, ale j\u00e1 bych si dom\u016f asi nikoho nepozvala, kdybych m\u011bla doma nepo\u0159\u00e1dek anebo n\u011bco tak moc neuspo\u0159\u00e1dan\u00e9ho, nebo kdybych ani j\u00e1 sama jsem se doma nec\u00edtila dob\u0159e. V\u017edycky chci, aby dom\u00e1cnost byla \u010dist\u00e1, a hlavn\u011b tak\u00e9 takov\u00e1, aby tam nehrozilo \u017e\u00e1dn\u00e9 nebezpe\u010d\u00ed. Opravdu nedok\u00e1\u017ei pochopit t\u0159eba n\u011bkter\u00e9 rodi\u010de, kte\u0159\u00ed t\u0159eba nechaj\u00ed sv\u00e9 d\u011bti l\u00e9zt po zemi, kde je nepo\u0159\u00e1dek anebo kde dokonce jsou t\u0159eba tak\u00e9 ostr\u00e9 p\u0159edm\u011bty.S t\u00edmhle m\u00e1m zku\u0161enost, ne tedy sice osobn\u00ed, ale u\u017e jsem vid\u011bla\u00a0kolikr\u00e1t, \u017ee n\u011bkter\u00e9 d\u011bti t\u0159eba jsou v kuchyni, jsou jim t\u0159eba t\u0159i\u00a0roky a maj\u00ed v ruce ostr\u00fd n\u016f\u017e. Takhle nebezpe\u010dn\u00e1 dom\u00e1cnost by rozhodn\u011b b\u00fdt nem\u011bla. Ka\u017ed\u00e1 \u017eena, ka\u017ed\u00e1 matka by hlavn\u011b m\u011bla v\u011bd\u011bt, co mus\u00ed ud\u011blat, co mus\u00ed zabezpe\u010dit, kdy\u017e tam jsou d\u011bti. Dom\u00e1cnost m\u00e1 b\u00fdt p\u0159ece l\u00e1skypln\u00e1, miluj\u00edc\u00ed, a hlavn\u011b tak\u00e9 bezpe\u010dn\u00e1 a v\u016fbec nez\u00e1le\u017e\u00ed, kolik \u010dlen\u016f doma bydl\u00ed. Hlavn\u011b tam mus\u00ed b\u00fdt veselo, l\u00e1ska a hlavn\u011b bezpe\u010d\u00ed. Tohle j\u00e1 na\u0161t\u011bst\u00ed v\u0161echno dodr\u017euji.To je mo\u017en\u00e1 tak\u00e9 t\u00edm, \u017ee jsem hodn\u011b hyperaktivn\u00ed a \u017ee ukl\u00edzen\u00ed m\u011b bav\u00ed. Ano, bav\u00ed m\u011b ukl\u00edzen\u00ed m\u00e9 dom\u00e1cnosti. Beru tak, jako kdybych chodila t\u0159eba do posilovny, tak\u017ee um\u00fdv\u00e1m podlahu, i kdy\u017e t\u0159eba je \u010dist\u00e1. J\u00e1 si v\u017edycky \u0159eknu, \u017ee ud\u011bl\u00e1m n\u011bco dobr\u00e9ho pro sebe, \u017ee m\u00e1m n\u011bjak\u00fd pohyb a \u017ee moje dom\u00e1cnost alespo\u0148 bude st\u00e1le \u010dist\u00e1. Dokonce moji\u00a0p\u0159\u00e1tel\u00e9 mi \u0159\u00edkaj\u00ed, \u017ee by klidn\u011b u m\u011b doma z podlahy mohli j\u00edst. Tohle samoz\u0159ejm\u011b zase p\u0159eh\u00e1n\u00ed, proto\u017ee m\u00e1m doma dv\u011b\u00a0ko\u010dky. Ale \u0159eknu v\u00e1m, \u017ee \u00faklid m\u011b opravdu hodn\u011b bav\u00ed. \u00daklid i za ostatn\u00ed \u010dleny dom\u00e1cnosti mi ned\u011bl\u00e1 probl\u00e9m a kolikr\u00e1t jsem jim to \u0159ekla, \u017ee \u00faklid beru tak\u00e9 jako cvi\u010den\u00ed. A co vy?\u00a0                                                                                                                                                                                                                                                                                                                                                                                        4.3\/5 - (6 votes)        "},{"@context":"https:\/\/schema.org\/","@type":"BreadcrumbList","itemListElement":[{"@type":"ListItem","position":1,"name":"Moje dom\u00e1cnost","item":"https:\/\/www.soremus.cz\/moje-domacnost\/#breadcrumbitem"}]}]